{"id":9573,"date":"2024-12-18T08:00:00","date_gmt":"2024-12-18T11:00:00","guid":{"rendered":"https:\/\/renatoalves.com.br\/blog\/?p=9573"},"modified":"2024-12-13T09:11:36","modified_gmt":"2024-12-13T12:11:36","slug":"aprenda-a-ativar-sua-memoria-fotografica-e-nao-esquecer-o-que-ler-confira-estes-passos","status":"publish","type":"post","link":"https:\/\/renatoalves.com.br\/blog\/aprenda-a-ativar-sua-memoria-fotografica-e-nao-esquecer-o-que-ler-confira-estes-passos\/","title":{"rendered":"Aprenda a ativar sua mem\u00f3ria fotogr\u00e1fica e n\u00e3o esquecer o que ler &#8211; Confira estes passos"},"content":{"rendered":"\n<p>Hoje quero conversar com voc\u00ea sobre um tema que intriga muita gente: <strong>a mem\u00f3ria fotogr\u00e1fica<\/strong>. Como podemos ativ\u00e1-la? E, mais importante, como usar essa habilidade para lembrar de tudo que lemos ou aprendemos?<\/p>\n\n\n\n<p>Antes de come\u00e7ar, quero apresentar brevemente minha hist\u00f3ria. Meu nome \u00e9 Renato Alves, sou autor de 10 livros sobre memoriza\u00e7\u00e3o e concentra\u00e7\u00e3o e fui o primeiro recordista nacional de memoriza\u00e7\u00e3o. N\u00e3o cheguei at\u00e9 aqui por acaso. Anos atr\u00e1s, quase reprovei na faculdade pela segunda vez e estava desesperado. Foi ent\u00e3o que descobri as t\u00e9cnicas de memoriza\u00e7\u00e3o. Isso mudou minha vida para sempre e me fez enxergar o enorme potencial que todos temos quando aprendemos a usar nossa mem\u00f3ria de forma estrat\u00e9gica.<\/p>\n\n\n\n<p>Neste artigo, vou te explicar o conceito de mem\u00f3ria fotogr\u00e1fica, desmistific\u00e1-lo e explorar t\u00e9cnicas para ativ\u00e1-la. O objetivo \u00e9 oferecer passos pr\u00e1ticos que voc\u00ea pode come\u00e7ar a aplicar hoje mesmo para melhorar sua mem\u00f3ria e, principalmente, n\u00e3o esquecer o que l\u00ea.<\/p>\n\n\n\n<h2 class=\"wp-block-heading\">O que \u00e9 mem\u00f3ria fotogr\u00e1fica e como funciona?<\/h2>\n\n\n\n<p>Muitas pessoas acreditam que mem\u00f3ria fotogr\u00e1fica \u00e9 uma habilidade quase m\u00e1gica, onde voc\u00ea simplesmente olha para algo e nunca mais esquece. A ideia de memorizar automaticamente tudo que vemos parece incr\u00edvel, mas n\u00e3o \u00e9 bem assim que funciona.<\/p>\n\n\n\n<p>A mem\u00f3ria fotogr\u00e1fica, no sentido literal, \u00e9 muito rara e quase inexistente entre adultos. O que existe, na verdade, \u00e9 a <strong>capacidade de prestar aten\u00e7\u00e3o visual a est\u00edmulos espec\u00edficos<\/strong>. Isso significa que voc\u00ea pode treinar seu c\u00e9rebro para capturar mais detalhes e armazen\u00e1-los de maneira mais eficiente, desde que saiba como fazer.<\/p>\n\n\n\n<p>Imagine que voc\u00ea est\u00e1 em um parque e observa a paisagem por alguns minutos. Se fechar os olhos e tentar lembrar o que viu, inicialmente vai se lembrar de coisas gerais: \u00e1rvores, um banco, um lago. Agora, se voc\u00ea intencionalmente focar nos detalhes, como a cor das flores, o formato das folhas ou a posi\u00e7\u00e3o de um banco em rela\u00e7\u00e3o ao lago, sua recorda\u00e7\u00e3o ser\u00e1 muito mais precisa. Essa \u00e9 a ess\u00eancia da mem\u00f3ria fotogr\u00e1fica: <strong>observar com aten\u00e7\u00e3o plena e transformar o que v\u00ea em mem\u00f3rias duradouras<\/strong>.<\/p>\n\n\n\n<figure class=\"wp-block-embed is-type-rich is-provider-incorporar-manipulador wp-block-embed-incorporar-manipulador wp-embed-aspect-16-9 wp-has-aspect-ratio\"><div class=\"wp-block-embed__wrapper\">\n<iframe title=\"Como usar a MEM\u00d3RIA FOTOGR\u00c1FICA e FOTOLEITURA\" width=\"800\" height=\"450\" src=\"https:\/\/www.youtube.com\/embed\/TFnKG8QHh40?feature=oembed\" frameborder=\"0\" allow=\"accelerometer; autoplay; clipboard-write; encrypted-media; gyroscope; picture-in-picture; web-share\" referrerpolicy=\"strict-origin-when-cross-origin\" allowfullscreen><\/iframe>\n<\/div><figcaption class=\"wp-element-caption\">Como usar a MEM\u00d3RIA FOTOGR\u00c1FICA e FOTOLEITURA (Fonte: Canal Renato Alves Memoriza\u00e7\u00e3o).<\/figcaption><\/figure>\n\n\n\n<h2 class=\"wp-block-heading\">Como ativar a mem\u00f3ria fotogr\u00e1fica<\/h2>\n\n\n\n<p>Se voc\u00ea em algum momento j\u00e1 se perguntou <a href=\"https:\/\/renatoalves.com.br\/blog\/melhores-exercicios-para-memoria-do-idoso\/\" target=\"_blank\" rel=\"noreferrer noopener\">como ativar sua mem\u00f3ria<\/a> fotogr\u00e1fica, saiba que n\u00e3o existe m\u00e1gica, mas sim pr\u00e1ticas que ajudam a melhorar sua capacidade de memorizar. Aqui est\u00e3o as principais estrat\u00e9gias que voc\u00ea pode aplicar:<\/p>\n\n\n\n<h3 class=\"wp-block-heading\">1. Pratique a aten\u00e7\u00e3o visual<\/h3>\n\n\n\n<p>A aten\u00e7\u00e3o \u00e9 o primeiro passo para uma boa mem\u00f3ria. A maioria das pessoas v\u00ea, mas n\u00e3o observa. Para treinar sua aten\u00e7\u00e3o visual, experimente este exerc\u00edcio:<\/p>\n\n\n\n<ol class=\"wp-block-list\">\n<li>Escolha um local, como sua sala de estar ou um parque.<\/li>\n\n\n\n<li>Observe atentamente por 30 segundos. Foque em detalhes como cores, texturas, formas e posi\u00e7\u00f5es.<\/li>\n\n\n\n<li>Feche os olhos e tente listar tudo o que lembra.<\/li>\n\n\n\n<li>Abra os olhos, reveja o ambiente e note os detalhes que esqueceu.<\/li>\n<\/ol>\n\n\n\n<p>Com o tempo, voc\u00ea perceber\u00e1 que consegue reter muito mais informa\u00e7\u00f5es, e isso \u00e9 a base para ativar sua mem\u00f3ria fotogr\u00e1fica.<\/p>\n\n\n\n<h3 class=\"wp-block-heading\">2. Use associa\u00e7\u00f5es visuais e num\u00e9ricas<\/h3>\n\n\n\n<p>Uma t\u00e9cnica que ensino em meus cursos para ativar a mem\u00f3ria fotogr\u00e1fica \u00e9 associar informa\u00e7\u00f5es a n\u00fameros ou palavras-chave.<\/p>\n\n\n\n<p>Por exemplo:<\/p>\n\n\n\n<ul class=\"wp-block-list\">\n<li>Se estiver memorizando uma cena, numere os objetos.<\/li>\n\n\n\n<li>Associe cada n\u00famero a um detalhe espec\u00edfico, como \u201c1 = cadeira azul, 2 = mesa redonda, 3 = quadro com moldura dourada\u201d.<\/li>\n<\/ul>\n\n\n\n<p>Essa t\u00e9cnica n\u00e3o s\u00f3 organiza as informa\u00e7\u00f5es na sua mente, como tamb\u00e9m facilita a recupera\u00e7\u00e3o delas mais tarde.<\/p>\n\n\n\n<h2 class=\"wp-block-heading\">Como lembrar do que leu?<\/h2>\n\n\n\n<p>Um dos maiores desafios que as pessoas enfrentam \u00e9 ler algo e esquecer rapidamente. Felizmente, existem estrat\u00e9gias espec\u00edficas para fixar o conte\u00fado de maneira duradoura.<\/p>\n\n\n\n<h3 class=\"wp-block-heading\">1. Leia com um prop\u00f3sito claro<\/h3>\n\n\n\n<p>Antes de come\u00e7ar a leitura, pergunte a si mesmo:<\/p>\n\n\n\n<ul class=\"wp-block-list\">\n<li>O que quero aprender com este texto?<\/li>\n\n\n\n<li>Por que este conte\u00fado \u00e9 importante para mim?<\/li>\n<\/ul>\n\n\n\n<p>Quando voc\u00ea l\u00ea com um objetivo em mente, seu c\u00e9rebro automaticamente filtra as informa\u00e7\u00f5es mais relevantes e aumenta sua reten\u00e7\u00e3o.<\/p>\n\n\n\n<h3 class=\"wp-block-heading\">2. Fa\u00e7a resumos visuais<\/h3>\n\n\n\n<p>Outra t\u00e9cnica \u00f3tima \u00e9 criar <strong><a href=\"https:\/\/renatoalves.com.br\/blog\/mapas-mentais-como-podem-te-ajudar-na-memorizacao-de-textos\/\" target=\"_blank\" rel=\"noreferrer noopener\">mapas mentais<\/a> ou diagramas<\/strong> que representem o conte\u00fado que voc\u00ea acabou de ler. Isso ajuda a consolidar a informa\u00e7\u00e3o e ativa diferentes \u00e1reas do c\u00e9rebro.<\/p>\n\n\n\n<p>Por exemplo:<\/p>\n\n\n\n<ul class=\"wp-block-list\">\n<li>Se estiver lendo sobre um processo, desenhe um diagrama com as etapas.<\/li>\n\n\n\n<li>Use cores diferentes para destacar ideias principais e secund\u00e1rias.<\/li>\n<\/ul>\n\n\n\n<h3 class=\"wp-block-heading\">3. Utilize a repeti\u00e7\u00e3o espa\u00e7ada<\/h3>\n\n\n\n<p>A <a href=\"https:\/\/exame.com\/carreira\/guia-de-carreira\/como-usar-a-tecnica-de-repeticao-espacada-para-aprender-novas-linguas\/\" target=\"_blank\" rel=\"noreferrer noopener\">repeti\u00e7\u00e3o espa\u00e7ada<\/a> \u00e9 uma t\u00e9cnica comprovada para evitar o esquecimento. Basicamente, voc\u00ea revisa o conte\u00fado em intervalos crescentes. Por exemplo:<\/p>\n\n\n\n<ul class=\"wp-block-list\">\n<li>Revise 1 dia ap\u00f3s a leitura inicial.<\/li>\n\n\n\n<li>Depois, reveja em 1 semana, 2 semanas e 1 m\u00eas.<\/li>\n<\/ul>\n\n\n\n<p>Essas revis\u00f5es ativam sua mem\u00f3ria de longo prazo, garantindo que voc\u00ea se lembre do conte\u00fado quando realmente precisar.<\/p>\n\n\n\n<h2 class=\"wp-block-heading\">T\u00e9cnicas avan\u00e7adas para ativar sua mem\u00f3ria fotogr\u00e1fica<\/h2>\n\n\n\n<p>Se voc\u00ea j\u00e1 domina os passos b\u00e1sicos, \u00e9 hora de explorar t\u00e9cnicas mais avan\u00e7adas para maximizar seu potencial.<\/p>\n\n\n\n<h3 class=\"wp-block-heading\">1. O Pal\u00e1cio da Mem\u00f3ria<\/h3>\n\n\n\n<p>O <a href=\"https:\/\/exame.com\/carreira\/guia-de-carreira\/como-usar-a-tecnica-do-palacio-da-memoria-para-nao-esquecer-mais-nada\/\" target=\"_blank\" rel=\"noreferrer noopener\">Pal\u00e1cio da Mem\u00f3ria<\/a> \u00e9 uma t\u00e9cnica muito usada por especialistas em memoriza\u00e7\u00e3o. Ela consiste em imaginar um espa\u00e7o familiar, como sua casa, e associar informa\u00e7\u00f5es a diferentes c\u00f4modos ou objetos desse lugar.<\/p>\n\n\n\n<p>Por exemplo:<\/p>\n\n\n\n<ul class=\"wp-block-list\">\n<li>No quarto, visualize uma pilha de livros representando t\u00f3picos que voc\u00ea quer lembrar.<\/li>\n\n\n\n<li>Na cozinha, associe cada utens\u00edlio a um conceito importante.<\/li>\n<\/ul>\n\n\n\n<p>Ao \u201ccaminhar\u201d mentalmente pelo seu pal\u00e1cio, voc\u00ea lembra facilmente as informa\u00e7\u00f5es que precisa.<\/p>\n\n\n\n<h3 class=\"wp-block-heading\">2. Treinamento com 5 sentidos<\/h3>\n\n\n\n<p>A mem\u00f3ria visual \u00e9 poderosa, mas pode ser potencializada ao envolver outros sentidos. Por exemplo:<\/p>\n\n\n\n<ul class=\"wp-block-list\">\n<li>Leia em voz alta para ativar sua mem\u00f3ria auditiva.<\/li>\n\n\n\n<li>Associe informa\u00e7\u00f5es a cheiros, texturas e sensa\u00e7\u00f5es t\u00e1teis, quando poss\u00edvel.<\/li>\n<\/ul>\n\n\n\n<p>T\u00e9cnicas multissensoriais criam conex\u00f5es mais fortes no c\u00e9rebro, aumentando a reten\u00e7\u00e3o do conte\u00fado.<\/p>\n\n\n\n<h2 class=\"wp-block-heading\">Dicas pr\u00e1ticas para potencializar sua mem\u00f3ria no dia a dia<\/h2>\n\n\n\n<p>Se voc\u00ea est\u00e1 buscando solu\u00e7\u00f5es r\u00e1pidas e aplic\u00e1veis, aqui est\u00e3o algumas dicas valiosas:<\/p>\n\n\n\n<ul class=\"wp-block-list\">\n<li><strong>Durma bem:<\/strong> o sono \u00e9 essencial para consolidar mem\u00f3rias.<\/li>\n\n\n\n<li><strong>Evite multitarefa:<\/strong> concentre-se em uma atividade de cada vez para melhorar a aten\u00e7\u00e3o.<\/li>\n\n\n\n<li><strong>Pratique medita\u00e7\u00e3o:<\/strong> a medita\u00e7\u00e3o regular melhora o foco e a capacidade de reten\u00e7\u00e3o.<\/li>\n\n\n\n<li><strong>Cuide da sua alimenta\u00e7\u00e3o:<\/strong> inclua alimentos ricos em \u00f4mega-3, antioxidantes e vitaminas que beneficiam o c\u00e9rebro.<\/li>\n<\/ul>\n\n\n\n<h2 class=\"wp-block-heading\">Mem\u00f3ria fotogr\u00e1fica e aprendizado<\/h2>\n\n\n\n<p>Ativar sua mem\u00f3ria fotogr\u00e1fica \u00e9 uma habilidade que pode transformar sua forma de aprender e viver. Quando voc\u00ea domina essas t\u00e9cnicas, consegue:<\/p>\n\n\n\n<ul class=\"wp-block-list\">\n<li>Memorizar detalhes com precis\u00e3o.<\/li>\n\n\n\n<li>Aprender mais r\u00e1pido e com menos esfor\u00e7o.<\/li>\n\n\n\n<li>Aplicar o conhecimento de forma pr\u00e1tica no seu dia a dia.<\/li>\n<\/ul>\n\n\n\n<p>Eu mesmo sou a prova de que isso \u00e9 poss\u00edvel. As t\u00e9cnicas de memoriza\u00e7\u00e3o salvaram minha carreira acad\u00eamica e abriram portas que eu nem sabia existirem. Hoje, ensino essas estrat\u00e9gias a milhares de pessoas, porque acredito que todos t\u00eam o direito de explorar o poder da sua mem\u00f3ria.<\/p>\n\n\n\n<p>Por fim, a mem\u00f3ria fotogr\u00e1fica pode parecer um superpoder, mas, na verdade, \u00e9 uma habilidade que qualquer pessoa pode desenvolver com treino e dedica\u00e7\u00e3o. Ao praticar as t\u00e9cnicas que compartilhei aqui, voc\u00ea n\u00e3o s\u00f3 melhora sua capacidade de memorizar como tamb\u00e9m transforma sua rela\u00e7\u00e3o com o aprendizado e com o mundo ao seu redor.<\/p>\n\n\n\n<p>A mem\u00f3ria \u00e9 nosso maior dom, e saber us\u00e1-la \u00e9 o caminho para realizar nossos objetivos.Por isso, <a href=\"https:\/\/memoriablindada.com.br\/?utm_source=Blog&amp;utm_medium=site-ofc&amp;utm_campaign=CMB&amp;utm_content=Aprenda-a-ativar-sua-mem%C3%B3ria-fotogr%C3%A1fica-e-n%C3%A3o-esquecer-o-que-ler-Confira-estes-passos\" target=\"_blank\" rel=\"noreferrer noopener\"><strong>TOQUE AQUI e descubra como Blindar Sua Mem\u00f3ria contra os esquecimentos.<\/strong><\/a><\/p>\n\n\n\n<h2 class=\"wp-block-heading\">Leia tamb\u00e9m:<\/h2>\n\n\n\n<ul class=\"wp-block-list\">\n<li><a href=\"https:\/\/renatoalves.com.br\/blog\/aprenda-como-se-concentrar-nos-estudos-com-dicas-praticas\/\" target=\"_blank\" rel=\"noreferrer noopener\">Aprenda como se concentrar nos estudos com dicas pr\u00e1ticas<\/a><\/li>\n\n\n\n<li><a href=\"https:\/\/renatoalves.com.br\/blog\/11-dicas-infaliveis-de-como-estudar-idiomas-e-aprender-mais-rapido\/\" target=\"_blank\" rel=\"noreferrer noopener\">11 Dicas infal\u00edveis de como estudar idiomas e aprender mais r\u00e1pido&nbsp;<\/a><\/li>\n\n\n\n<li><a href=\"https:\/\/renatoalves.com.br\/blog\/como-fazer-resumo-de-um-texto-tcc-ou-livro-resumo-rapido-e-facil-de-lembrar\/\" target=\"_blank\" rel=\"noreferrer noopener\">Como fazer resumo de um texto, TCC ou livro? Resumo r\u00e1pido e f\u00e1cil de lembrar<\/a><\/li>\n<\/ul>\n","protected":false},"excerpt":{"rendered":"<p>Hoje quero conversar com voc\u00ea sobre um tema que intriga muita gente: a mem\u00f3ria fotogr\u00e1fica. Como podemos ativ\u00e1-la? E, mais importante, como usar essa habilidade para lembrar de tudo que lemos ou aprendemos? Antes de come\u00e7ar, quero apresentar brevemente minha hist\u00f3ria. Meu nome \u00e9 Renato Alves, sou autor de 10 livros sobre memoriza\u00e7\u00e3o e concentra\u00e7\u00e3o [&hellip;]<\/p>\n","protected":false},"author":10,"featured_media":9578,"comment_status":"open","ping_status":"open","sticky":false,"template":"","format":"standard","meta":{"footnotes":""},"categories":[3],"tags":[],"class_list":["post-9573","post","type-post","status-publish","format-standard","has-post-thumbnail","hentry","category-artigos"],"_links":{"self":[{"href":"https:\/\/renatoalves.com.br\/blog\/wp-json\/wp\/v2\/posts\/9573","targetHints":{"allow":["GET"]}}],"collection":[{"href":"https:\/\/renatoalves.com.br\/blog\/wp-json\/wp\/v2\/posts"}],"about":[{"href":"https:\/\/renatoalves.com.br\/blog\/wp-json\/wp\/v2\/types\/post"}],"author":[{"embeddable":true,"href":"https:\/\/renatoalves.com.br\/blog\/wp-json\/wp\/v2\/users\/10"}],"replies":[{"embeddable":true,"href":"https:\/\/renatoalves.com.br\/blog\/wp-json\/wp\/v2\/comments?post=9573"}],"version-history":[{"count":4,"href":"https:\/\/renatoalves.com.br\/blog\/wp-json\/wp\/v2\/posts\/9573\/revisions"}],"predecessor-version":[{"id":9593,"href":"https:\/\/renatoalves.com.br\/blog\/wp-json\/wp\/v2\/posts\/9573\/revisions\/9593"}],"wp:featuredmedia":[{"embeddable":true,"href":"https:\/\/renatoalves.com.br\/blog\/wp-json\/wp\/v2\/media\/9578"}],"wp:attachment":[{"href":"https:\/\/renatoalves.com.br\/blog\/wp-json\/wp\/v2\/media?parent=9573"}],"wp:term":[{"taxonomy":"category","embeddable":true,"href":"https:\/\/renatoalves.com.br\/blog\/wp-json\/wp\/v2\/categories?post=9573"},{"taxonomy":"post_tag","embeddable":true,"href":"https:\/\/renatoalves.com.br\/blog\/wp-json\/wp\/v2\/tags?post=9573"}],"curies":[{"name":"wp","href":"https:\/\/api.w.org\/{rel}","templated":true}]}}