{"id":96,"date":"2025-04-25T16:25:19","date_gmt":"2025-04-25T19:25:19","guid":{"rendered":"http:\/\/www.renatoalves.com.br\/blog\/?p=96"},"modified":"2025-04-25T16:26:55","modified_gmt":"2025-04-25T19:26:55","slug":"duvidas-frequentes-sobre-cursos-de-memorizacao","status":"publish","type":"post","link":"https:\/\/renatoalves.com.br\/blog\/duvidas-frequentes-sobre-cursos-de-memorizacao\/","title":{"rendered":"Cursos de Memoriza\u00e7\u00e3o: Tire suas d\u00favidas e melhore sua mem\u00f3ria com t\u00e9cnicas eficazes"},"content":{"rendered":"\n<p>Voc\u00ea j\u00e1 se perguntou se um curso de memoriza\u00e7\u00e3o realmente pode transformar sua capacidade de lembrar informa\u00e7\u00f5es? Ao longo de mais de duas d\u00e9cadas de experi\u00eancia, vi milhares de alunos alcan\u00e7arem resultados extraordin\u00e1rios ao adotar m\u00e9todos corretos de memoriza\u00e7\u00e3o.<\/p>\n\n\n\n<h2 class=\"wp-block-heading\"><strong>O que \u00e9 um curso de memoriza\u00e7\u00e3o?<\/strong><\/h2>\n\n\n\n<p>Um <a href=\"https:\/\/renatoalves.com.br\/?utm_source=Blog&amp;utm_medium=st-ra&amp;utm_campaign=&amp;utm_content=duvidas-frequentes-sobre-cursos-de-memorizacao\" target=\"_blank\" rel=\"noreferrer noopener\">curso de memoriza\u00e7\u00e3o<\/a> ensina t\u00e9cnicas pr\u00e1ticas para organizar, fixar e resgatar informa\u00e7\u00f5es de forma mais eficiente. Diferente do que muitos pensam, <strong>n\u00e3o se trata de decorar tudo mecanicamente<\/strong>, mas sim de <strong>aprender a usar a mem\u00f3ria de maneira estrat\u00e9gica<\/strong>.<\/p>\n\n\n\n<h2 class=\"wp-block-heading\"><strong>Para quem \u00e9 indicado um curso de memoriza\u00e7\u00e3o?<\/strong><\/h2>\n\n\n\n<ul class=\"wp-block-list\">\n<li>Estudantes que buscam melhor desempenho acad\u00eamico<\/li>\n\n\n\n<li>Profissionais que precisam gerenciar grande volume de informa\u00e7\u00f5es<\/li>\n\n\n\n<li>Pessoas que sentem dificuldade em lembrar de compromissos, nomes e dados<\/li>\n\n\n\n<li>Idosos que desejam manter a mente ativa<\/li>\n<\/ul>\n\n\n\n<h2 class=\"wp-block-heading\"><strong>T\u00e9cnicas ensinadas nos cursos de memoriza\u00e7\u00e3o<\/strong><\/h2>\n\n\n\n<h3 class=\"wp-block-heading\"><strong>1. Associa\u00e7\u00e3o de ideias<\/strong><\/h3>\n\n\n\n<p>Transformar informa\u00e7\u00f5es em imagens e hist\u00f3rias facilita a fixa\u00e7\u00e3o.<\/p>\n\n\n\n<h3 class=\"wp-block-heading\"><strong>2. Pal\u00e1cio da Mem\u00f3ria<\/strong><\/h3>\n\n\n\n<p>Uma t\u00e9cnica cl\u00e1ssica e poderosa para organizar dados em &#8220;compartimentos mentais&#8221;.<\/p>\n\n\n\n<h3 class=\"wp-block-heading\"><strong>3. Repeti\u00e7\u00e3o espa\u00e7ada<\/strong><\/h3>\n\n\n\n<p>M\u00e9todo que promove revis\u00f5es inteligentes, evitando o esquecimento natural.<\/p>\n\n\n\n<h3 class=\"wp-block-heading\"><strong>4. Mapas mentais<\/strong><\/h3>\n\n\n\n<p>Diagramas que estruturam visualmente o conte\u00fado, promovendo maior clareza e conex\u00e3o entre ideias.<\/p>\n\n\n\n<h2 class=\"wp-block-heading\"><strong>Benef\u00edcios reais de fazer um curso de memoriza\u00e7\u00e3o<\/strong><\/h2>\n\n\n\n<ul class=\"wp-block-list\">\n<li>Maior agilidade mental<\/li>\n\n\n\n<li>Redu\u00e7\u00e3o do estresse em provas e apresenta\u00e7\u00f5es<\/li>\n\n\n\n<li>Aumento da autoconfian\u00e7a<\/li>\n\n\n\n<li>Melhora na produtividade acad\u00eamica e profissional<\/li>\n<\/ul>\n\n\n\n<h2 class=\"wp-block-heading\"><strong>Um caso real de transforma\u00e7\u00e3o<\/strong><\/h2>\n\n\n\n<p>Recordo-me de Ana Paula, que, mesmo estudando muito, n\u00e3o conseguia fixar conte\u00fados para concursos. Ap\u00f3s aprender t\u00e9cnicas de associa\u00e7\u00e3o e repeti\u00e7\u00e3o espa\u00e7ada, n\u00e3o s\u00f3 passou a reter mais informa\u00e7\u00f5es, como tamb\u00e9m conquistou uma vaga p\u00fablica disputad\u00edssima.<\/p>\n\n\n\n<p><strong>A mem\u00f3ria n\u00e3o \u00e9 um dom, \u00e9 uma habilidade trein\u00e1vel.<\/strong><\/p>\n\n\n\n<h2 class=\"wp-block-heading\"><strong>Cursos online de memoriza\u00e7\u00e3o: funcionam?<\/strong><\/h2>\n\n\n\n<p>Sim. Se bem estruturados e acompanhados de pr\u00e1tica regular, <strong>os <a href=\"https:\/\/renatoalves.com.br\/?utm_source=Blog&amp;utm_medium=st-ra&amp;utm_campaign=&amp;utm_content=duvidas-frequentes-sobre-cursos-de-memorizacao\" target=\"_blank\" rel=\"noreferrer noopener\">cursos online<\/a> oferecem flexibilidade e excelente custo-benef\u00edcio<\/strong>.<\/p>\n\n\n\n<p>O segredo \u00e9 seguir as orienta\u00e7\u00f5es de forma disciplinada, aplicar as t\u00e9cnicas no cotidiano e revisar periodicamente.<\/p>\n\n\n\n<h3 class=\"wp-block-heading\"><strong>Qual a diferen\u00e7a do M\u00e9todo Renato Alves?<\/strong><\/h3>\n\n\n\n<p>Sou graduado em computa\u00e7\u00e3o, estudei Ci\u00eancias Cognitivas, Filosofia da Mente pela UNESP e fui o primeiro brasileiro a receber uma certifica\u00e7\u00e3o de recorde de mem\u00f3ria.<\/p>\n\n\n\n<p>Tornei-me especialista em estrat\u00e9gias mnem\u00f4nicas e desenvolvi um m\u00e9todo \u00fanico de ensinar memoriza\u00e7\u00e3o que \u00e9 l\u00edder de mercado h\u00e1 13 anos consecutivos.<\/p>\n\n\n\n<p>Hoje, vivemos num mundo complexo, repleto de informa\u00e7\u00f5es e recheado de parafern\u00e1lias eletr\u00f4nicas que podem causar depend\u00eancia e pregui\u00e7a mental.<\/p>\n\n\n\n<p>Um bom <a href=\"https:\/\/renatoalves.com.br\/?utm_source=Blog&amp;utm_medium=st-ra&amp;utm_campaign=&amp;utm_content=duvidas-frequentes-sobre-cursos-de-memorizacao\" target=\"_blank\" rel=\"noreferrer noopener\">curso de memoriza\u00e7\u00e3o<\/a> nunca foi t\u00e3o \u00fatil como tem sido nos dias atuais. O m\u00e9todo que proponho \u00e9 inovador por ser embasado em descobertas cient\u00edficas sobre o funcionamento da mem\u00f3ria e por usar a computa\u00e7\u00e3o como pano de fundo, resumindo, um m\u00e9todo moderno e funcional!<\/p>\n\n\n\n<p>A minha proposta \u00e9 ensin\u00e1-lo a usar a mem\u00f3ria de uma forma nova, simples, inteligente evitando brancos e esquecimentos. D\u00ea-me \u00e0 oportunidade de mostrar o meu trabalho e a for\u00e7a do meu m\u00e9todo, o <strong><a href=\"https:\/\/renatoalves.com.br\/?utm_source=Blog&amp;utm_medium=st-ra&amp;utm_campaign=&amp;utm_content=duvidas-frequentes-sobre-cursos-de-memorizacao\" target=\"_blank\" rel=\"noreferrer noopener\">M\u00e9todo Renato Alves<\/a><sup>\u00ae<\/sup>.<\/strong><\/p>\n\n\n\n<p><strong>Ps.: <\/strong>Voc\u00ea sente dificuldade de memorizar e se lembrar de coisas do dia a dia, mas n\u00e3o tem condi\u00e7\u00f5es de participar de um treinamento presencial? Gostaria de convidar voc\u00ea a conhecer o meu <a href=\"https:\/\/memoriablindada.com.br\/?utm_source=Blog&amp;utm_medium=pv-cmb&amp;utm_campaign=CMB&amp;utm_content=duvidas-frequentes-sobre-cursos-de-memorizacao\" target=\"_blank\" rel=\"noreferrer noopener\">curso Mem\u00f3ria Blindada,<\/a> um programa de treinamento pr\u00e1tico de memoriza\u00e7\u00e3o para o dia a dia.<\/p>\n\n\n\n<p>H\u00e1 mais de 20 anos ensino este m\u00e9todo de memoriza\u00e7\u00e3o, que j\u00e1 est\u00e1 presente em mais de 100 pa\u00edses e tem 97% de avalia\u00e7\u00e3o positiva. D\u00ea uma olhadinha nos depoimentos dos nossos alunos:<\/p>\n\n\n\n<p class=\"has-text-align-center\"><a href=\"https:\/\/renatoalves.com.br\/acrobatas-da-memoria\/\"><strong>\u00bb Clique Aqui e assista alguns depoimentos de alunos do curso \u00ab<\/strong><\/a><\/p>\n\n\n\n<p>Nas videoaulas eu explico de maneira bem objetiva, todas as estrat\u00e9gias que utilizo para n\u00e3o esquecer de nada e me ajudaram a ganhar o t\u00edtulo de melhor mem\u00f3ria do Brasil.<\/p>\n\n\n\n<p>Acredito tanto na efici\u00eancia do m\u00e9todo que se em 7 dias voc\u00ea&nbsp; n\u00e3o notar melhoras no seu n\u00edvel de memoriza\u00e7\u00e3o, eu assumirei total responsabilidade e devolverei 100% do seu investimento. O que voc\u00ea acha?<\/p>\n\n\n\n<p class=\"has-text-align-center\"><a href=\"https:\/\/memoriablindada.com.br\/?utm_source=Blog&amp;utm_medium=pv-cmb&amp;utm_campaign=CMB&amp;utm_content=duvidas-frequentes-sobre-cursos-de-memorizacao\" target=\"_blank\" rel=\"noreferrer noopener\"><strong>Clique aqui e saiba mais sobre o treinamento!<\/strong><\/a><\/p>\n\n\n\n<h2 class=\"wp-block-heading\"><strong>Leitura complementar recomendada<\/strong><\/h2>\n\n\n\n<p>Para aprofundar-se ainda mais, recomendo tamb\u00e9m:<\/p>\n\n\n\n<ul class=\"wp-block-list\">\n<li>Como conquistar uma mem\u00f3ria r\u00e1pida: estrat\u00e9gias para pensar melhor e aprender mais<\/li>\n\n\n\n<li>Pregui\u00e7a mental | Exerc\u00edcios para venc\u00ea-la e ter um c\u00e9rebro forte<\/li>\n<\/ul>\n\n\n\n<h2 class=\"wp-block-heading\"><strong>Perguntas frequentes sobre cursos de memoriza\u00e7\u00e3o<\/strong><\/h2>\n\n\n\n<h3 class=\"wp-block-heading\">Um curso de memoriza\u00e7\u00e3o serve para qualquer idade?<\/h3>\n\n\n\n<p>Sim. As t\u00e9cnicas podem ser aplicadas por jovens, adultos e idosos.<\/p>\n\n\n\n<h3 class=\"wp-block-heading\">Quanto tempo leva para ver resultados?<\/h3>\n\n\n\n<p>Com pr\u00e1tica di\u00e1ria, \u00e9 poss\u00edvel perceber melhorias significativas em poucas semanas.<\/p>\n\n\n\n<h3 class=\"wp-block-heading\">\u00c9 necess\u00e1rio ter boa mem\u00f3ria para fazer um curso desses?<\/h3>\n\n\n\n<p>N\u00e3o. O objetivo do curso \u00e9 justamente desenvolver e potencializar a mem\u00f3ria.<\/p>\n\n\n\n<h3 class=\"wp-block-heading\">As t\u00e9cnicas de memoriza\u00e7\u00e3o servem apenas para estudos?<\/h3>\n\n\n\n<p>N\u00e3o. Elas s\u00e3o \u00fateis tamb\u00e9m para o dia a dia profissional e pessoal.<\/p>\n\n\n\n<h3 class=\"wp-block-heading\">Um curso de memoriza\u00e7\u00e3o online \u00e9 t\u00e3o eficaz quanto presencial?<\/h3>\n\n\n\n<p>Sim, desde que o aluno tenha disciplina e siga as orienta\u00e7\u00f5es corretamente.<\/p>\n\n\n\n<h2 class=\"wp-block-heading\"><strong>DICA B\u00d4NUS:&nbsp;<\/strong><\/h2>\n\n\n\n<p>Quer ter acesso a outras informa\u00e7\u00f5es? <a href=\"https:\/\/www.facebook.com\/RenatoAlvesOficial\" target=\"_blank\" rel=\"noreferrer noopener\">Curta e siga a minha fanpage no Facebook<\/a> e tamb\u00e9m <a href=\"http:\/\/www.youtube.com\/videosmemoria\/videos?sub_confirmation=1\" target=\"_blank\" rel=\"noreferrer noopener\">inscreva-se no meu canal no Youtube.<\/a><\/p>\n\n\n\n<p><\/p>\n\n\n\n<figure class=\"wp-block-image aligncenter\"><a class=\"\" href=\"https:\/\/memoriablindada.com.br\/?utm_source=Blog&amp;utm_medium=pv-cmb&amp;utm_campaign=CMB&amp;utm_content=duvidas-frequentes-sobre-cursos-de-memorizacao\" target=\"_blank\" rel=\"noopener\"><img decoding=\"async\" src=\"https:\/\/renatoalves.com.br\/blog\/wp-content\/uploads\/2015\/02\/banner_MB.jpg\" alt=\"\" class=\"wp-image-5387\"\/><\/a><\/figure>\n\n\n\n<p><\/p>\n","protected":false},"excerpt":{"rendered":"<p>Responda: Voc\u00ea tem a impress\u00e3o de que a quantidade de informa\u00e7\u00e3o que recebe diariamente est\u00e1 aumentando? Durante a leitura de um texto (incluindo este), fica com a cabe\u00e7a nas nuvens e quando termina n\u00e3o se lembra de nada? Sente que est\u00e1 ficando cada vez mais dif\u00edcil focar a aten\u00e7\u00e3o numa \u00fanica atividade? Muitas vezes passa o dia ou at\u00e9 a semana inteira com uma mesma m\u00fasica na cabe\u00e7a? Se, respondeu, sim, a pelo menos uma dessas perguntas,<\/p>\n","protected":false},"author":24,"featured_media":2638,"comment_status":"open","ping_status":"open","sticky":false,"template":"","format":"standard","meta":{"footnotes":""},"categories":[264],"tags":[60,65,66,84,75,45,86,98,68,328,74,95],"class_list":["post-96","post","type-post","status-publish","format-standard","has-post-thumbnail","hentry","category-saude-e-qualidade-de-vida","tag-como-estudar","tag-como-estudar-para-concurso","tag-como-estudar-para-o-enem","tag-como-fazer-um-plano-de-estudo","tag-como-passar-em-concurso","tag-curso-de-memorizacao","tag-curso-estudo-e-memorizacao","tag-curso-online-renato-alves","tag-curso-renato-alves","tag-cursos-de-memorizacao","tag-metodo-renato-alves","tag-renato-alves-memorizacao"],"_links":{"self":[{"href":"https:\/\/renatoalves.com.br\/blog\/wp-json\/wp\/v2\/posts\/96","targetHints":{"allow":["GET"]}}],"collection":[{"href":"https:\/\/renatoalves.com.br\/blog\/wp-json\/wp\/v2\/posts"}],"about":[{"href":"https:\/\/renatoalves.com.br\/blog\/wp-json\/wp\/v2\/types\/post"}],"author":[{"embeddable":true,"href":"https:\/\/renatoalves.com.br\/blog\/wp-json\/wp\/v2\/users\/24"}],"replies":[{"embeddable":true,"href":"https:\/\/renatoalves.com.br\/blog\/wp-json\/wp\/v2\/comments?post=96"}],"version-history":[{"count":4,"href":"https:\/\/renatoalves.com.br\/blog\/wp-json\/wp\/v2\/posts\/96\/revisions"}],"predecessor-version":[{"id":10055,"href":"https:\/\/renatoalves.com.br\/blog\/wp-json\/wp\/v2\/posts\/96\/revisions\/10055"}],"wp:featuredmedia":[{"embeddable":true,"href":"https:\/\/renatoalves.com.br\/blog\/wp-json\/wp\/v2\/media\/2638"}],"wp:attachment":[{"href":"https:\/\/renatoalves.com.br\/blog\/wp-json\/wp\/v2\/media?parent=96"}],"wp:term":[{"taxonomy":"category","embeddable":true,"href":"https:\/\/renatoalves.com.br\/blog\/wp-json\/wp\/v2\/categories?post=96"},{"taxonomy":"post_tag","embeddable":true,"href":"https:\/\/renatoalves.com.br\/blog\/wp-json\/wp\/v2\/tags?post=96"}],"curies":[{"name":"wp","href":"https:\/\/api.w.org\/{rel}","templated":true}]}}