{"id":9661,"date":"2025-01-27T08:00:00","date_gmt":"2025-01-27T11:00:00","guid":{"rendered":"https:\/\/renatoalves.com.br\/blog\/?p=9661"},"modified":"2025-01-27T18:38:30","modified_gmt":"2025-01-27T21:38:30","slug":"o-que-e-memoria-fotografica-e-como-desenvolve-la-confira-nossas-dicas","status":"publish","type":"post","link":"https:\/\/renatoalves.com.br\/blog\/o-que-e-memoria-fotografica-e-como-desenvolve-la-confira-nossas-dicas\/","title":{"rendered":"O que \u00e9 mem\u00f3ria fotogr\u00e1fica e como desenvolv\u00ea-la? Confira nossas dicas"},"content":{"rendered":"\n<p>Como autor de 10 livros sobre memoriza\u00e7\u00e3o e concentra\u00e7\u00e3o e o primeiro recordista nacional de memoriza\u00e7\u00e3o, estou aqui para compartilhar algumas dicas preciosas sobre um tema fascinante: a mem\u00f3ria fotogr\u00e1fica. J\u00e1 imaginou lembrar de um momento com riqueza de detalhes, como se fosse uma fotografia? Vamos explorar juntos o que \u00e9 a mem\u00f3ria fotogr\u00e1fica, como ela funciona e, claro, como desenvolv\u00ea-la.<\/p>\n\n\n\n<h2 class=\"wp-block-heading\">O que \u00e9 mem\u00f3ria fotogr\u00e1fica?<\/h2>\n\n\n\n<p>A mem\u00f3ria fotogr\u00e1fica, tamb\u00e9m conhecida como <a href=\"https:\/\/www.uol.com.br\/vivabem\/noticias\/redacao\/2022\/04\/28\/memoria-fotografica-afinal-o-cerebro-pode-funcionar-como-uma-camera.htm\" target=\"_blank\" rel=\"noreferrer noopener\">mem\u00f3ria eid\u00e9tica<\/a>, \u00e9 a habilidade de armazenar informa\u00e7\u00f5es visuais de forma <strong>extremamente detalhada e precisa<\/strong>. Imagine ser capaz de lembrar com nitidez das cores, formas, espa\u00e7os e at\u00e9 mesmo de pequenos detalhes de uma imagem que voc\u00ea viu rapidamente.<\/p>\n\n\n\n<p>Embora a ideia de uma mem\u00f3ria fotogr\u00e1fica perfeita seja atrativa, a ci\u00eancia ainda n\u00e3o comprovou sua exist\u00eancia plena. O que temos, no entanto, \u00e9 a capacidade de desenvolver uma mem\u00f3ria visual mais apurada por meio de t\u00e9cnicas e pr\u00e1ticas espec\u00edficas.<\/p>\n\n\n\n<figure class=\"wp-block-embed is-type-rich is-provider-incorporar-manipulador wp-block-embed-incorporar-manipulador wp-embed-aspect-16-9 wp-has-aspect-ratio\"><div class=\"wp-block-embed__wrapper\">\n<iframe title=\"COMO DESENVOLVER UMA MEM\u00d3RIA FOTOGR\u00c1FICA?\" width=\"800\" height=\"450\" src=\"https:\/\/www.youtube.com\/embed\/-tk3F4GOuXM?feature=oembed\" frameborder=\"0\" allow=\"accelerometer; autoplay; clipboard-write; encrypted-media; gyroscope; picture-in-picture; web-share\" referrerpolicy=\"strict-origin-when-cross-origin\" allowfullscreen><\/iframe>\n<\/div><\/figure>\n\n\n\n<h3 class=\"wp-block-heading\">Mito ou realidade?<\/h3>\n\n\n\n<p>Por que \u00e9 t\u00e3o dif\u00edcil comprovar a exist\u00eancia da mem\u00f3ria fotogr\u00e1fica? A resposta est\u00e1 na maneira como nosso c\u00e9rebro processa e armazena informa\u00e7\u00f5es. Diferente de uma c\u00e2mera que captura imagens, o c\u00e9rebro humano <strong>interpreta, seleciona e associa<\/strong> mem\u00f3rias \u00e0s emo\u00e7\u00f5es e experi\u00eancias vividas.<\/p>\n\n\n\n<p>Por isso, em vez de buscar a &#8220;perfei\u00e7\u00e3o&#8221;, o foco deve ser no <strong>aprimoramento da capacidade de mem\u00f3ria visual <\/strong>para atender \u00e0s necessidades di\u00e1rias, sejam elas profissionais, acad\u00eamicas ou pessoais.<\/p>\n\n\n\n<h3 class=\"wp-block-heading has-text-align-center\"><a href=\"https:\/\/memoriablindada.com.br\/?utm_source=Blog&amp;utm_medium=site-ofc&amp;utm_campaign=CMB&amp;utm_content=O-que-%C3%A9-mem%C3%B3ria-fotogr%C3%A1fica-e-como-desenvolv%C3%AA-la-Confira-nossas-dicas\" target=\"_blank\" rel=\"noreferrer noopener\"><strong>TOQUE AQUI e conhe\u00e7a o treinamento Mem\u00f3ria Blindada<\/strong><\/a><\/h3>\n\n\n\n<h2 class=\"wp-block-heading\"><strong>Como funciona a mem\u00f3ria visual<\/strong><\/h2>\n\n\n\n<p>A mem\u00f3ria visual \u00e9 o mecanismo pelo qual nosso c\u00e9rebro registra, ret\u00e9m e recupera informa\u00e7\u00f5es que vemos. Ela depende de dois fatores principais:<\/p>\n\n\n\n<ol class=\"wp-block-list\">\n<li><strong>Aten\u00e7\u00e3o visual:<\/strong> quanto mais atentos estamos, mais informa\u00e7\u00f5es capturamos.<\/li>\n\n\n\n<li><strong>Associa\u00e7\u00f5es mentais:<\/strong> o c\u00e9rebro organiza informa\u00e7\u00f5es em padr\u00f5es que fazem sentido para n\u00f3s, facilitando sua recorda\u00e7\u00e3o.<\/li>\n<\/ol>\n\n\n\n<p>Por exemplo, imagine que voc\u00ea est\u00e1 reformando sua casa e v\u00ea uma cortina que combina perfeitamente com sua decora\u00e7\u00e3o. Como isso tem um significado para voc\u00ea, \u00e9 mais prov\u00e1vel que lembre dessa imagem em detalhes no dia seguinte.<\/p>\n\n\n\n<h4 class=\"wp-block-heading\">E quais s\u00e3o os benef\u00edcios de uma boa mem\u00f3ria visual?<\/h4>\n\n\n\n<ul class=\"wp-block-list\">\n<li>Melhor desempenho em provas e estudos.<\/li>\n\n\n\n<li>Mais agilidade para lembrar rostos, locais e objetos.<\/li>\n\n\n\n<li>Facilidade em compreender e resolver problemas visuais.<\/li>\n\n\n\n<li>Aumento da criatividade e capacidade de solu\u00e7\u00e3o de problemas.<\/li>\n<\/ul>\n\n\n\n<h4 class=\"wp-block-heading\"><strong>Leia tamb\u00e9m:<\/strong> <a href=\"https:\/\/renatoalves.com.br\/blog\/aprenda-a-ativar-sua-memoria-fotografica-e-nao-esquecer-o-que-ler-confira-estes-passos\/\" target=\"_blank\" rel=\"noreferrer noopener\">Aprenda a ativar sua mem\u00f3ria fotogr\u00e1fica e n\u00e3o esquecer o que ler \u2013 Confira estes passos<\/a><\/h4>\n\n\n\n<h2 class=\"wp-block-heading\">Como desenvolver a mem\u00f3ria fotogr\u00e1fica<\/h2>\n\n\n\n<p>Embora uma mem\u00f3ria fotogr\u00e1fica perfeita seja alvo de debates na comunidade cient\u00edfica, existem maneiras de <strong>treinar e melhorar sua mem\u00f3ria visual<\/strong>. Aqui est\u00e3o algumas estrat\u00e9gias que recomendo:<\/p>\n\n\n\n<h3 class=\"wp-block-heading\">1. Pratique a observa\u00e7\u00e3o consciente<\/h3>\n\n\n\n<p>Quantas vezes voc\u00ea passou por um lugar sem realmente prestar aten\u00e7\u00e3o nos detalhes? A observa\u00e7\u00e3o consciente \u00e9 uma t\u00e9cnica simples, mas poderosa:<\/p>\n\n\n\n<ul class=\"wp-block-list\">\n<li>Escolha um ambiente para observar.<\/li>\n\n\n\n<li>Analise os detalhes, como cores, formas e texturas.<\/li>\n\n\n\n<li>Comente mentalmente sobre cada item que chamar sua aten\u00e7\u00e3o.<\/li>\n<\/ul>\n\n\n\n<p>Essa pr\u00e1tica ajuda a estimular sua mem\u00f3ria visual e torna mais f\u00e1cil lembrar-se dos elementos observados.<\/p>\n\n\n\n<h3 class=\"wp-block-heading has-text-align-center\"><a href=\"https:\/\/memoriablindada.com.br\/?utm_source=Blog&amp;utm_medium=site-ofc&amp;utm_campaign=CMB&amp;utm_content=O-que-%C3%A9-mem%C3%B3ria-fotogr%C3%A1fica-e-como-desenvolv%C3%AA-la-Confira-nossas-dicas\" target=\"_blank\" rel=\"noreferrer noopener\"><strong>TOQUE AQUI e conhe\u00e7a o treinamento Mem\u00f3ria Blindada<\/strong><\/a><\/h3>\n\n\n\n<h3 class=\"wp-block-heading\">2. Use associa\u00e7\u00f5es mentais<\/h3>\n\n\n\n<p>Associe informa\u00e7\u00f5es visuais a algo que voc\u00ea j\u00e1 conhece. Por exemplo, se voc\u00ea quer lembrar o formato de um edif\u00edcio, pense em como ele se parece com algo familiar, como um objeto ou figura geom\u00e9trica.<\/p>\n\n\n\n<h3 class=\"wp-block-heading\">3. Pratique a enumera\u00e7\u00e3o<\/h3>\n\n\n\n<p>Ao entrar em um local, enumere mentalmente os itens que voc\u00ea v\u00ea. Por exemplo:<\/p>\n\n\n\n<ul class=\"wp-block-list\">\n<li>Quantas cadeiras h\u00e1 na sala?<\/li>\n\n\n\n<li>Quantos quadros est\u00e3o pendurados na parede?<\/li>\n<\/ul>\n\n\n\n<p>Depois, tente descrever esses itens para outra pessoa. Voc\u00ea se surpreender\u00e1 com o quanto consegue lembrar.<\/p>\n\n\n\n<h4 class=\"wp-block-heading\"><strong>Leia tamb\u00e9m:<\/strong> <a href=\"https:\/\/renatoalves.com.br\/blog\/aprenda-a-ativar-sua-memoria-fotografica-e-nao-esquecer-o-que-ler-confira-estes-passos\/\" target=\"_blank\" rel=\"noreferrer noopener\">Aprenda a ativar sua mem\u00f3ria fotogr\u00e1fica e n\u00e3o esquecer o que ler \u2013 Confira estes passos<\/a><\/h4>\n\n\n\n<h3 class=\"wp-block-heading\">4. Experimente jogos e exerc\u00edcios de mem\u00f3ria<\/h3>\n\n\n\n<p>Jogos como quebra-cabe\u00e7as, mem\u00f3ria visual e at\u00e9 mesmo aplicativos voltados para o treinamento cerebral s\u00e3o \u00f3timos para melhorar sua mem\u00f3ria fotogr\u00e1fica.<\/p>\n\n\n\n<h3 class=\"wp-block-heading\">5. Desenvolva o h\u00e1bito de leitura<\/h3>\n\n\n\n<p>A leitura \u00e9 uma das formas mais eficazes de exercitar a mem\u00f3ria visual. Ao ler, tente imaginar cen\u00e1rios, personagens e situa\u00e7\u00f5es descritas no texto. Quanto mais realistas forem suas imagens mentais, melhor ser\u00e1 sua capacidade de mem\u00f3ria visual.<\/p>\n\n\n\n<h3 class=\"wp-block-heading\">6. Utilize t\u00e9cnicas de visualiza\u00e7\u00e3o<\/h3>\n\n\n\n<p>Visualizar \u00e9 criar imagens mentais detalhadas. Por exemplo, ao planejar um evento, imagine cada detalhe do local: a disposi\u00e7\u00e3o das mesas, as decora\u00e7\u00f5es e as cores. Esse h\u00e1bito ajuda a treinar seu c\u00e9rebro a focar em detalhes importantes.<\/p>\n\n\n\n<h3 class=\"wp-block-heading has-text-align-center\"><a href=\"https:\/\/memoriablindada.com.br\/?utm_source=Blog&amp;utm_medium=site-ofc&amp;utm_campaign=CMB&amp;utm_content=O-que-%C3%A9-mem%C3%B3ria-fotogr%C3%A1fica-e-como-desenvolv%C3%AA-la-Confira-nossas-dicas\" target=\"_blank\" rel=\"noreferrer noopener\"><strong>TOQUE AQUI e conhe\u00e7a o treinamento Mem\u00f3ria Blindada<\/strong><\/a><\/h3>\n\n\n\n<h3 class=\"wp-block-heading\">7. Realize testes pr\u00e1ticos<\/h3>\n\n\n\n<p>Outra forma eficaz de treinar sua mem\u00f3ria visual \u00e9 fazer testes pr\u00e1ticos. Por exemplo, olhe para uma imagem ou cen\u00e1rio por alguns segundos, feche os olhos e tente descrever o que viu. Compare suas respostas com o cen\u00e1rio original e veja como pode melhorar.<\/p>\n\n\n\n<h3 class=\"wp-block-heading\">8. Anote o que voc\u00ea observa<\/h3>\n\n\n\n<p>Manter um di\u00e1rio visual pode ser uma ferramenta poderosa. Anote os detalhes de lugares, pessoas ou objetos que chamaram sua aten\u00e7\u00e3o durante o dia. Isso n\u00e3o s\u00f3 ajuda a reter as informa\u00e7\u00f5es, mas tamb\u00e9m cria um registro que voc\u00ea pode revisar mais tarde.<\/p>\n\n\n\n<h2 class=\"wp-block-heading\">Erros comuns ao tentar melhorar a mem\u00f3ria fotogr\u00e1fica<\/h2>\n\n\n\n<p>Mesmo com boas inten\u00e7\u00f5es, algumas atitudes podem dificultar o desenvolvimento da mem\u00f3ria visual:<\/p>\n\n\n\n<ul class=\"wp-block-list\">\n<li><strong>Excesso de informa\u00e7\u00f5es:<\/strong> tentar lembrar muitos detalhes ao mesmo tempo pode sobrecarregar seu c\u00e9rebro.<\/li>\n\n\n\n<li><strong>Falta de paci\u00eancia:<\/strong> desenvolver uma mem\u00f3ria fotogr\u00e1fica requer tempo e pr\u00e1tica.<\/li>\n\n\n\n<li><strong>Negligenciar o descanso:<\/strong> o sono \u00e9 essencial para consolidar mem\u00f3rias. Certifique-se de dormir bem.<\/li>\n<\/ul>\n\n\n\n<h3 class=\"wp-block-heading\">Como evitar esses erros<\/h3>\n\n\n\n<ol class=\"wp-block-list\">\n<li>Priorize a qualidade sobre a quantidade: concentre-se em lembrar poucos detalhes de cada vez.<\/li>\n\n\n\n<li>Seja consistente: reserve alguns minutos todos os dias para praticar.<\/li>\n\n\n\n<li>D\u00ea tempo ao c\u00e9rebro: intervalos regulares entre as pr\u00e1ticas ajudam na assimila\u00e7\u00e3o das informa\u00e7\u00f5es.<\/li>\n<\/ol>\n\n\n\n<h2 class=\"wp-block-heading\">Dicas extras para potencializar sua mem\u00f3ria<\/h2>\n\n\n\n<ul class=\"wp-block-list\">\n<li><strong>Pratique medita\u00e7\u00e3o:<\/strong> ajuda a melhorar o foco e a aten\u00e7\u00e3o.<\/li>\n\n\n\n<li><strong>Mantenha uma dieta equilibrada:<\/strong> alimentos ricos em \u00f4mega-3, como peixes e castanhas, s\u00e3o excelentes para a sa\u00fade cerebral.<\/li>\n\n\n\n<li><strong>Evite multitarefas:<\/strong> concentre-se em uma tarefa de cada vez para melhorar a qualidade de sua mem\u00f3ria.<\/li>\n\n\n\n<li><strong>Exercite-se regularmente:<\/strong> o exerc\u00edcio f\u00edsico melhora a circula\u00e7\u00e3o sangu\u00ednea e, consequentemente, a fun\u00e7\u00e3o cerebral.<\/li>\n<\/ul>\n\n\n\n<h3 class=\"wp-block-heading\">O papel das emo\u00e7\u00f5es na mem\u00f3ria visual<\/h3>\n\n\n\n<p>As emo\u00e7\u00f5es t\u00eam um impacto significativo na nossa capacidade de lembrar. Momentos emocionalmente marcantes tendem a ser lembrados com mais clareza. Portanto, ao praticar, tente associar emo\u00e7\u00f5es positivas \u00e0s imagens que deseja memorizar.<\/p>\n\n\n\n<p>Por fim, podemos perceber que a mem\u00f3ria fotogr\u00e1fica pode at\u00e9 parecer um dom inalcan\u00e7\u00e1vel, mas a verdade \u00e9 que <strong>todos n\u00f3s temos o potencial de desenvolver uma mem\u00f3ria visual mais apurada<\/strong>. Com dedica\u00e7\u00e3o, pr\u00e1ticas adequadas e as t\u00e9cnicas certas, voc\u00ea pode impressionar a si mesmo e aos outros com sua capacidade de lembrar detalhes que antes pareciam imposs\u00edveis. <\/p>\n\n\n\n<p>Agora que voc\u00ea conhece essas estrat\u00e9gias, que tal coloc\u00e1-las em pr\u00e1tica? Experimente observar um ambiente ao seu redor e desafie-se a lembrar o m\u00e1ximo de detalhes poss\u00edveis. Depois, compartilhe comigo sua experi\u00eancia. E lembre-se: a mem\u00f3ria \u00e9 uma habilidade que pode ser treinada, e eu estou aqui para ajudar voc\u00ea nesse caminho! Para se aprofundar em t\u00e9cnicas de memoriza\u00e7\u00e3o avan\u00e7adas, <a href=\"https:\/\/memoriablindada.com.br\/?utm_source=Blog&amp;utm_medium=site-ofc&amp;utm_campaign=CMB&amp;utm_content=O-que-%C3%A9-mem%C3%B3ria-fotogr%C3%A1fica-e-como-desenvolv%C3%AA-la-Confira-nossas-dicas\" target=\"_blank\" rel=\"noreferrer noopener\"><strong>TOQUE AQUI e conhe\u00e7a o treinamento Mem\u00f3ria Blindada.<\/strong><\/a><\/p>\n\n\n\n<p><\/p>\n","protected":false},"excerpt":{"rendered":"<p>Como autor de 10 livros sobre memoriza\u00e7\u00e3o e concentra\u00e7\u00e3o e o primeiro recordista nacional de memoriza\u00e7\u00e3o, estou aqui para compartilhar algumas dicas preciosas sobre um tema fascinante: a mem\u00f3ria fotogr\u00e1fica. J\u00e1 imaginou lembrar de um momento com riqueza de detalhes, como se fosse uma fotografia? Vamos explorar juntos o que \u00e9 a mem\u00f3ria fotogr\u00e1fica, como [&hellip;]<\/p>\n","protected":false},"author":24,"featured_media":9672,"comment_status":"open","ping_status":"open","sticky":false,"template":"","format":"standard","meta":{"footnotes":""},"categories":[262,263,3],"tags":[],"class_list":["post-9661","post","type-post","status-publish","format-standard","has-post-thumbnail","hentry","category-estudo-e-desenvolvimento","category-leitura-e-leitura-dinamica","category-artigos"],"_links":{"self":[{"href":"https:\/\/renatoalves.com.br\/blog\/wp-json\/wp\/v2\/posts\/9661","targetHints":{"allow":["GET"]}}],"collection":[{"href":"https:\/\/renatoalves.com.br\/blog\/wp-json\/wp\/v2\/posts"}],"about":[{"href":"https:\/\/renatoalves.com.br\/blog\/wp-json\/wp\/v2\/types\/post"}],"author":[{"embeddable":true,"href":"https:\/\/renatoalves.com.br\/blog\/wp-json\/wp\/v2\/users\/24"}],"replies":[{"embeddable":true,"href":"https:\/\/renatoalves.com.br\/blog\/wp-json\/wp\/v2\/comments?post=9661"}],"version-history":[{"count":9,"href":"https:\/\/renatoalves.com.br\/blog\/wp-json\/wp\/v2\/posts\/9661\/revisions"}],"predecessor-version":[{"id":9673,"href":"https:\/\/renatoalves.com.br\/blog\/wp-json\/wp\/v2\/posts\/9661\/revisions\/9673"}],"wp:featuredmedia":[{"embeddable":true,"href":"https:\/\/renatoalves.com.br\/blog\/wp-json\/wp\/v2\/media\/9672"}],"wp:attachment":[{"href":"https:\/\/renatoalves.com.br\/blog\/wp-json\/wp\/v2\/media?parent=9661"}],"wp:term":[{"taxonomy":"category","embeddable":true,"href":"https:\/\/renatoalves.com.br\/blog\/wp-json\/wp\/v2\/categories?post=9661"},{"taxonomy":"post_tag","embeddable":true,"href":"https:\/\/renatoalves.com.br\/blog\/wp-json\/wp\/v2\/tags?post=9661"}],"curies":[{"name":"wp","href":"https:\/\/api.w.org\/{rel}","templated":true}]}}