{"id":9909,"date":"2025-03-29T14:18:30","date_gmt":"2025-03-29T17:18:30","guid":{"rendered":"https:\/\/renatoalves.com.br\/blog\/?p=9909"},"modified":"2025-04-04T09:55:39","modified_gmt":"2025-04-04T12:55:39","slug":"5-dicas-para-melhorar-a-memoria-2","status":"publish","type":"post","link":"https:\/\/renatoalves.com.br\/blog\/5-dicas-para-melhorar-a-memoria-2\/","title":{"rendered":"5 Dicas para MELHORAR A MEM\u00d3RIA"},"content":{"rendered":"\n<p>Voc\u00ea j\u00e1 sentiu que sua mem\u00f3ria n\u00e3o \u00e9 mais como antes? Esquece onde deixou as chaves, n\u00e3o se lembra do nome de algu\u00e9m que acabou de conhecer ou simplesmente sente dificuldade para absorver informa\u00e7\u00f5es novas? Isso \u00e9 mais comum do que parece!<\/p>\n\n\n\n<p>A boa not\u00edcia \u00e9 que <strong>melhorar a mem\u00f3ria<\/strong> n\u00e3o \u00e9 um dom reservado a poucos. Assim como fortalecemos os m\u00fasculos com exerc\u00edcios f\u00edsicos, tamb\u00e9m podemos treinar o c\u00e9rebro para manter a mente afiada. E isso \u00e9 essencial, porque um c\u00e9rebro ativo \u00e9 a chave para uma vida longa, produtiva e independente.<\/p>\n\n\n\n<p>Ao longo da minha jornada como pesquisador da mem\u00f3ria e primeiro recordista brasileiro de memoriza\u00e7\u00e3o, aprendi estrat\u00e9gias que realmente fazem diferen\u00e7a na capacidade de lembrar informa\u00e7\u00f5es. Hoje, vou compartilhar com voc\u00ea <strong>5 t\u00e9cnicas pr\u00e1ticas<\/strong> para fortalecer sua mem\u00f3ria.<\/p>\n\n\n\n<p>Se voc\u00ea deseja reter mais informa\u00e7\u00f5es, se destacar nos estudos ou simplesmente evitar esquecimentos no dia a dia, continue lendo.<\/p>\n\n\n\n<h2 class=\"wp-block-heading\">1. Pratique a visualiza\u00e7\u00e3o ativa<\/h2>\n\n\n\n<p>Voc\u00ea j\u00e1 entrou em um c\u00f4modo e, ao chegar l\u00e1, esqueceu o que foi buscar? Isso acontece porque, muitas vezes, <strong>agimos no piloto autom\u00e1tico<\/strong> e n\u00e3o registramos a informa\u00e7\u00e3o de forma consciente.<\/p>\n\n\n\n<p>A <strong>visualiza\u00e7\u00e3o ativa<\/strong> \u00e9 uma t\u00e9cnica para fixar informa\u00e7\u00f5es na mem\u00f3ria. Funciona assim: ao tentar lembrar de algo, crie uma imagem mental detalhada.<\/p>\n\n\n\n<p>Por exemplo, se voc\u00ea precisa buscar um casaco branco no quarto, visualize-se abrindo a porta, pegando o casaco e vestindo-o. Esse \u201cfilme\u201d que voc\u00ea cria na sua mente fortalece as conex\u00f5es neurais, facilitando a lembran\u00e7a.<\/p>\n\n\n\n<h3 class=\"wp-block-heading\">Como aplicar essa t\u00e9cnica no dia a dia?<\/h3>\n\n\n\n<ul class=\"wp-block-list\">\n<li>Imagine mentalmente os passos de uma tarefa antes de realiz\u00e1-la;<\/li>\n\n\n\n<li>Associe informa\u00e7\u00f5es a imagens marcantes;<\/li>\n\n\n\n<li>Ao estudar, visualize cen\u00e1rios relacionados ao conte\u00fado.<\/li>\n<\/ul>\n\n\n\n<p>Esse simples h\u00e1bito pode transformar sua capacidade de lembrar coisas importantes!<\/p>\n\n\n\n<h2 class=\"wp-block-heading\">2. Abandone a multitarefa e foque no essencial<\/h2>\n\n\n\n<p>Vivemos em um mundo hiper conectado, cheio de distra\u00e7\u00f5es. O problema? <strong>Nosso c\u00e9rebro n\u00e3o foi projetado para lidar com m\u00faltiplas tarefas ao mesmo tempo.<\/strong><\/p>\n\n\n\n<p>Quando tentamos fazer v\u00e1rias coisas simultaneamente \u2013 responder mensagens, assistir a um v\u00eddeo e ler um artigo \u2013 nossa aten\u00e7\u00e3o se divide, reduzindo a reten\u00e7\u00e3o de informa\u00e7\u00f5es. <a href=\"https:\/\/forbes.com.br\/outros_destaques\/2017\/02\/3-dicas-para-se-tornar-mais-produtivo\/\" target=\"_blank\" rel=\"noreferrer noopener\">Estudos mostram que a <strong>multitarefa pode diminuir a efici\u00eancia em at\u00e9 40%!<\/strong><\/a><\/p>\n\n\n\n<figure class=\"wp-block-embed is-type-rich is-provider-incorporar-manipulador wp-block-embed-incorporar-manipulador wp-embed-aspect-16-9 wp-has-aspect-ratio\"><div class=\"wp-block-embed__wrapper\">\n<iframe title=\"5 DICAS PARA MELHORAR A MEM\u00d3RIA | COMO TER UM C\u00c9REBRO JOVEM\" width=\"800\" height=\"450\" src=\"https:\/\/www.youtube.com\/embed\/AUub_yVjjac?feature=oembed\" frameborder=\"0\" allow=\"accelerometer; autoplay; clipboard-write; encrypted-media; gyroscope; picture-in-picture; web-share\" referrerpolicy=\"strict-origin-when-cross-origin\" allowfullscreen><\/iframe>\n<\/div><\/figure>\n\n\n\n<h3 class=\"wp-block-heading\">Como melhorar a concentra\u00e7\u00e3o e a mem\u00f3ria?<\/h3>\n\n\n\n<ul class=\"wp-block-list\">\n<li><strong>Elimine distra\u00e7\u00f5es<\/strong>: ao estudar ou trabalhar, desligue notifica\u00e7\u00f5es e mantenha o ambiente organizado.<\/li>\n\n\n\n<li><strong>Use o <a href=\"https:\/\/renatoalves.com.br\/blog\/tecnica-de-pomodoro-para-os-estudos\/\" target=\"_blank\" rel=\"noreferrer noopener\">m\u00e9todo Pomodoro<\/a><\/strong>: per\u00edodos de 25 minutos de foco total, seguidos de pequenos intervalos.<\/li>\n\n\n\n<li><strong>Evite consumir informa\u00e7\u00f5es de forma superficial<\/strong>: leia com aten\u00e7\u00e3o e fa\u00e7a anota\u00e7\u00f5es para refor\u00e7ar o aprendizado.<\/li>\n<\/ul>\n\n\n\n<p>Lembre-se: <strong>o foco \u00e9 a chave para uma mem\u00f3ria mais eficiente.<\/strong><\/p>\n\n\n\n<h2 class=\"wp-block-heading\">3. Invista em uma alimenta\u00e7\u00e3o inteligente<\/h2>\n\n\n\n<p>Voc\u00ea sabia que o que voc\u00ea come pode impactar diretamente sua mem\u00f3ria e desempenho mental? Alguns alimentos s\u00e3o verdadeiros combust\u00edveis para o c\u00e9rebro, enquanto outros podem prejudicar sua concentra\u00e7\u00e3o.<\/p>\n\n\n\n<h3 class=\"wp-block-heading\">Alimentos que ajudam a melhorar a mem\u00f3ria:<\/h3>\n\n\n\n<p>Confira a lista de alguns <a href=\"https:\/\/renatoalves.com.br\/blog\/conheca-6-alimentos-que-ajudam-a-fortalecer-a-memoria\/\" target=\"_blank\" rel=\"noreferrer noopener\">alimentos que ajudam a melhorar a mem\u00f3ria<\/a>:<\/p>\n\n\n\n<ul class=\"wp-block-list\">\n<li><strong>\u00d4mega-3<\/strong>: encontrado em peixes como salm\u00e3o e sardinha, \u00e9 essencial para a comunica\u00e7\u00e3o entre neur\u00f4nios.<\/li>\n\n\n\n<li><strong>Frutas vermelhas<\/strong>: morangos e mirtilos s\u00e3o ricos em antioxidantes que combatem o envelhecimento cerebral.<\/li>\n\n\n\n<li><strong>Vegetais de folhas verdes<\/strong>: espinafre, br\u00f3colis e couve s\u00e3o ricos em vitamina K, essencial para a sa\u00fade cognitiva.<\/li>\n\n\n\n<li><strong>Nozes e sementes<\/strong>: fontes de vitamina E, ajudam a proteger o c\u00e9rebro contra o envelhecimento precoce.<\/li>\n<\/ul>\n\n\n\n<h3 class=\"wp-block-heading\">Alimentos que podem prejudicar a mem\u00f3ria:<\/h3>\n\n\n\n<ul class=\"wp-block-list\">\n<li><strong>A\u00e7\u00facar em excesso<\/strong>: causa picos de glicose e pode comprometer a fun\u00e7\u00e3o cognitiva.<\/li>\n\n\n\n<li><strong>Alimentos ultraprocessados<\/strong>: ricos em gorduras ruins e conservantes, afetam a circula\u00e7\u00e3o sangu\u00ednea cerebral.<\/li>\n\n\n\n<li><strong>Excesso de \u00e1lcool<\/strong>: prejudica a comunica\u00e7\u00e3o entre neur\u00f4nios e afeta a mem\u00f3ria de curto prazo.<\/li>\n<\/ul>\n\n\n\n<p>Uma alimenta\u00e7\u00e3o equilibrada pode fazer toda a diferen\u00e7a na sua capacidade de lembrar informa\u00e7\u00f5es e manter o c\u00e9rebro ativo por mais tempo.<\/p>\n\n\n\n<h2 class=\"wp-block-heading\">4. Seu c\u00e9rebro precisa descansar: priorize seu sono<\/h2>\n\n\n\n<p>Se voc\u00ea quer <strong>melhorar a mem\u00f3ria<\/strong>, dormir bem deve ser uma prioridade. Durante o sono, o c\u00e9rebro reorganiza informa\u00e7\u00f5es, consolida aprendizados e elimina toxinas acumuladas ao longo do dia.<\/p>\n\n\n\n<p>Estudos mostram que <strong>quem dorme menos de 6 horas por noite pode sofrer com lapsos de mem\u00f3ria e dificuldades de concentra\u00e7\u00e3o.<\/strong><\/p>\n\n\n\n<h3 class=\"wp-block-heading\">Dicas para melhorar a qualidade do sono:<\/h3>\n\n\n\n<ul class=\"wp-block-list\">\n<li><strong>Mantenha um hor\u00e1rio fixo<\/strong> para dormir e acordar.<\/li>\n\n\n\n<li><strong>Evite telas antes de dormir<\/strong>: a luz azul reduz a produ\u00e7\u00e3o de melatonina, o horm\u00f4nio do sono.<\/li>\n\n\n\n<li><strong>Crie um ambiente confort\u00e1vel<\/strong>: temperatura agrad\u00e1vel, colch\u00e3o adequado e ilumina\u00e7\u00e3o baixa.<\/li>\n\n\n\n<li><strong>Evite cafe\u00edna \u00e0 noite<\/strong>: caf\u00e9s, ch\u00e1s e refrigerantes podem atrapalhar o sono.<\/li>\n<\/ul>\n\n\n\n<p>Uma boa noite de sono \u00e9 um dos pilares para manter o c\u00e9rebro jovem e a mem\u00f3ria afiada.<\/p>\n\n\n\n<h2 class=\"wp-block-heading\">5. Exercite seu corpo e sua mente<\/h2>\n\n\n\n<p>O c\u00e9rebro precisa de est\u00edmulos constantes para continuar funcionando em alta performance. Isso significa que voc\u00ea deve mant\u00ea-lo ativo tanto mental quanto fisicamente.<\/p>\n\n\n\n<h3 class=\"wp-block-heading\">Como exercitar a mente?<\/h3>\n\n\n\n<p>&#x1f9e9; <strong>Fa\u00e7a jogos e desafios<\/strong>: palavras-cruzadas, sudoku e quebra-cabe\u00e7as estimulam o racioc\u00ednio.<br>&#x1f4d6; <strong>Leia regularmente<\/strong>: a leitura fortalece as conex\u00f5es neurais e amplia o vocabul\u00e1rio.<br>&#x1f3bc; <strong>Aprenda algo novo<\/strong>: tocar um instrumento, estudar um idioma ou praticar um passatempo desafia o c\u00e9rebro.<\/p>\n\n\n\n<h3 class=\"wp-block-heading\">E o corpo?<\/h3>\n\n\n\n<p>&#x1f3c3;&#x200d;&#x2642;&#xfe0f; <strong>Atividades f\u00edsicas<\/strong> melhoram a circula\u00e7\u00e3o sangu\u00ednea e aumentam a oxigena\u00e7\u00e3o do c\u00e9rebro. Caminhadas, corridas, ioga e dan\u00e7a s\u00e3o \u00f3timas op\u00e7\u00f5es.<\/p>\n\n\n\n<p>A pr\u00e1tica regular de exerc\u00edcios reduz o risco de decl\u00ednio cognitivo e mant\u00e9m sua mem\u00f3ria em alta performance por mais tempo.<\/p>\n\n\n\n<h2 class=\"wp-block-heading\">Recapitulando: como melhorar a mem\u00f3ria?<\/h2>\n\n\n\n<p>Se voc\u00ea quer manter sua mem\u00f3ria afiada e seu c\u00e9rebro jovem, memorize estas estrat\u00e9gias:<\/p>\n\n\n\n<ul class=\"wp-block-list\">\n<li><strong>Pratique a visualiza\u00e7\u00e3o ativa<\/strong> para criar conex\u00f5es mais fortes no c\u00e9rebro.<\/li>\n\n\n\n<li><strong>Elimine a multitarefa<\/strong> e concentre-se em uma atividade por vez.<\/li>\n\n\n\n<li><strong>Invista em uma alimenta\u00e7\u00e3o rica em nutrientes<\/strong> que favorecem a sa\u00fade cerebral.<\/li>\n\n\n\n<li><strong>Durma bem<\/strong> para consolidar mem\u00f3rias e manter a mente afiada.<\/li>\n\n\n\n<li><strong>Mantenha-se ativo mental e fisicamente<\/strong> para fortalecer as conex\u00f5es neurais.<\/li>\n<\/ul>\n\n\n\n<p>Colocando essas dicas em pr\u00e1tica, voc\u00ea vai perceber uma grande diferen\u00e7a na sua capacidade de reter informa\u00e7\u00f5es e ter uma mente mais \u00e1gil e produtiva.<\/p>\n\n\n\n<p>Se voc\u00ea quer se aprofundar e aprender m\u00e9todos avan\u00e7ados para memorizar com mais efici\u00eancia, confira meu curso <a href=\"https:\/\/memoriablindada.com.br\/?utm_source=Blog&amp;utm_medium=site-ofc&amp;utm_campaign=CMB&amp;utm_content=5-dias-para-melhorar-a-memoria\" target=\"_blank\" rel=\"noreferrer noopener\"><strong>Mem\u00f3ria Blindada<\/strong><\/a>. Nele, ensino t\u00e9cnicas comprovadas para transformar seu aprendizado e mem\u00f3ria.<\/p>\n\n\n\n<p><\/p>\n","protected":false},"excerpt":{"rendered":"<p>Voc\u00ea j\u00e1 sentiu que sua mem\u00f3ria n\u00e3o \u00e9 mais como antes? Esquece onde deixou as chaves, n\u00e3o se lembra do nome de algu\u00e9m que acabou de conhecer ou simplesmente sente dificuldade para absorver informa\u00e7\u00f5es novas? Isso \u00e9 mais comum do que parece! A boa not\u00edcia \u00e9 que melhorar a mem\u00f3ria n\u00e3o \u00e9 um dom reservado [&hellip;]<\/p>\n","protected":false},"author":24,"featured_media":9913,"comment_status":"open","ping_status":"open","sticky":false,"template":"","format":"standard","meta":{"footnotes":""},"categories":[264],"tags":[],"class_list":["post-9909","post","type-post","status-publish","format-standard","has-post-thumbnail","hentry","category-saude-e-qualidade-de-vida"],"_links":{"self":[{"href":"https:\/\/renatoalves.com.br\/blog\/wp-json\/wp\/v2\/posts\/9909","targetHints":{"allow":["GET"]}}],"collection":[{"href":"https:\/\/renatoalves.com.br\/blog\/wp-json\/wp\/v2\/posts"}],"about":[{"href":"https:\/\/renatoalves.com.br\/blog\/wp-json\/wp\/v2\/types\/post"}],"author":[{"embeddable":true,"href":"https:\/\/renatoalves.com.br\/blog\/wp-json\/wp\/v2\/users\/24"}],"replies":[{"embeddable":true,"href":"https:\/\/renatoalves.com.br\/blog\/wp-json\/wp\/v2\/comments?post=9909"}],"version-history":[{"count":2,"href":"https:\/\/renatoalves.com.br\/blog\/wp-json\/wp\/v2\/posts\/9909\/revisions"}],"predecessor-version":[{"id":9912,"href":"https:\/\/renatoalves.com.br\/blog\/wp-json\/wp\/v2\/posts\/9909\/revisions\/9912"}],"wp:featuredmedia":[{"embeddable":true,"href":"https:\/\/renatoalves.com.br\/blog\/wp-json\/wp\/v2\/media\/9913"}],"wp:attachment":[{"href":"https:\/\/renatoalves.com.br\/blog\/wp-json\/wp\/v2\/media?parent=9909"}],"wp:term":[{"taxonomy":"category","embeddable":true,"href":"https:\/\/renatoalves.com.br\/blog\/wp-json\/wp\/v2\/categories?post=9909"},{"taxonomy":"post_tag","embeddable":true,"href":"https:\/\/renatoalves.com.br\/blog\/wp-json\/wp\/v2\/tags?post=9909"}],"curies":[{"name":"wp","href":"https:\/\/api.w.org\/{rel}","templated":true}]}}