{"id":999,"date":"2025-06-04T16:12:05","date_gmt":"2025-06-04T19:12:05","guid":{"rendered":"http:\/\/www.renatoalves.com.br\/blog\/?p=999"},"modified":"2025-06-04T16:12:07","modified_gmt":"2025-06-04T19:12:07","slug":"como-manter-a-memoria-ativa-apos-os-40","status":"publish","type":"post","link":"https:\/\/renatoalves.com.br\/blog\/como-manter-a-memoria-ativa-apos-os-40\/","title":{"rendered":"Como Manter a Mem\u00f3ria Ativa Ap\u00f3s os 40 Anos"},"content":{"rendered":"\n<p>Aos 40 anos, muitos acreditam que a mem\u00f3ria come\u00e7a a declinar. No entanto, essa cren\u00e7a \u00e9 um mito. A mem\u00f3ria, assim como qualquer outra habilidade, pode ser treinada e aprimorada ao longo da vida. Neste artigo, compartilho estrat\u00e9gias eficazes para manter sua mente afiada e sua mem\u00f3ria ativa, baseadas em minha experi\u00eancia como pesquisador cognitivo e campe\u00e3o brasileiro de mem\u00f3ria.<\/p>\n\n\n\n<figure class=\"wp-block-image size-large\"><a href=\"https:\/\/memoriablindada.com.br\/?utm_source=Blog&amp;utm_medium=pv-cmb&amp;utm_campaign=CMB&amp;utm_content=como-manter-a-memoria-ativa-apos-os-40\" target=\"_blank\" rel=\" noreferrer noopener\"><img fetchpriority=\"high\" decoding=\"async\" width=\"1024\" height=\"120\" src=\"https:\/\/renatoalves.com.br\/blog\/wp-content\/uploads\/2014\/09\/MEMORIA-BLINDADA-BANNER-BLOG-RENATO-ALVES-1024x120.png\" alt=\"banner mem\u00f3ria blindada\" class=\"wp-image-10107\" srcset=\"https:\/\/renatoalves.com.br\/blog\/wp-content\/uploads\/2014\/09\/MEMORIA-BLINDADA-BANNER-BLOG-RENATO-ALVES-1024x120.png 1024w, https:\/\/renatoalves.com.br\/blog\/wp-content\/uploads\/2014\/09\/MEMORIA-BLINDADA-BANNER-BLOG-RENATO-ALVES-300x35.png 300w, https:\/\/renatoalves.com.br\/blog\/wp-content\/uploads\/2014\/09\/MEMORIA-BLINDADA-BANNER-BLOG-RENATO-ALVES-768x90.png 768w, https:\/\/renatoalves.com.br\/blog\/wp-content\/uploads\/2014\/09\/MEMORIA-BLINDADA-BANNER-BLOG-RENATO-ALVES-1536x181.png 1536w, https:\/\/renatoalves.com.br\/blog\/wp-content\/uploads\/2014\/09\/MEMORIA-BLINDADA-BANNER-BLOG-RENATO-ALVES.png 1700w\" sizes=\"(max-width: 1024px) 100vw, 1024px\" \/><\/a><\/figure>\n\n\n\n<h2 class=\"wp-block-heading\">A Import\u00e2ncia de Uma Mem\u00f3ria Ativa<\/h2>\n\n\n\n<p>Uma mem\u00f3ria eficiente \u00e9 fundamental para o sucesso pessoal e profissional. Ela permite que voc\u00ea:<\/p>\n\n\n\n<ul class=\"wp-block-list\">\n<li>Lembre-se de compromissos importantes sem depender de lembretes externos.<\/li>\n\n\n\n<li>Retenha informa\u00e7\u00f5es relevantes para sua carreira e vida pessoal.<\/li>\n\n\n\n<li>Evite constrangimentos causados por esquecimentos frequentes.<\/li>\n<\/ul>\n\n\n\n<p>Manter a mem\u00f3ria ativa \u00e9 essencial para uma vida plena e produtiva.<\/p>\n\n\n\n<h2 class=\"wp-block-heading\">Mitos Sobre a Mem\u00f3ria Ap\u00f3s os 40<\/h2>\n\n\n\n<p>\u00c9 comum ouvir que, ap\u00f3s os 40 anos, a mem\u00f3ria come\u00e7a a falhar inevitavelmente. Contudo, estudos mostram que o c\u00e9rebro mant\u00e9m sua capacidade de aprendizado e adapta\u00e7\u00e3o ao longo da vida, especialmente quando estimulado adequadamente. A neuroplasticidade, capacidade do c\u00e9rebro de formar novas conex\u00f5es neurais, \u00e9 uma realidade comprovada.<\/p>\n\n\n\n<h2 class=\"wp-block-heading\">Estrat\u00e9gias para Fortalecer a Mem\u00f3ria<\/h2>\n\n\n\n<p>Para manter sua mem\u00f3ria ativa e confi\u00e1vel, considere as seguintes pr\u00e1ticas:<\/p>\n\n\n\n<h3 class=\"wp-block-heading\">1. Desafie Seu C\u00e9rebro<\/h3>\n\n\n\n<p>Engaje-se em atividades que estimulem o racioc\u00ednio, como aprender um novo idioma, tocar um instrumento musical ou resolver quebra-cabe\u00e7as. Essas atividades promovem a forma\u00e7\u00e3o de novas conex\u00f5es neurais, fortalecendo a mem\u00f3ria.<\/p>\n\n\n\n<h3 class=\"wp-block-heading\">2. Adote H\u00e1bitos Saud\u00e1veis<\/h3>\n\n\n\n<p>Pratique exerc\u00edcios f\u00edsicos regularmente, mantenha uma alimenta\u00e7\u00e3o equilibrada rica em \u00f4mega-3 e vitaminas do complexo B, e assegure um sono de qualidade. Esses h\u00e1bitos s\u00e3o fundamentais para a sa\u00fade cerebral.<\/p>\n\n\n\n<h3 class=\"wp-block-heading\">3. Evite a Depend\u00eancia Excessiva de Tecnologia<\/h3>\n\n\n\n<p>Embora dispositivos eletr\u00f4nicos sejam \u00fateis, confiar exclusivamente neles pode enfraquecer sua capacidade de memoriza\u00e7\u00e3o. Procure memorizar informa\u00e7\u00f5es importantes e utilize ferramentas tecnol\u00f3gicas como complemento, n\u00e3o como substituto da mem\u00f3ria natural.<\/p>\n\n\n\n<h3 class=\"wp-block-heading\">4. Pratique T\u00e9cnicas de Memoriza\u00e7\u00e3o<\/h3>\n\n\n\n<p>M\u00e9todos como associa\u00e7\u00e3o de ideias, visualiza\u00e7\u00f5es mentais e repeti\u00e7\u00e3o espa\u00e7ada s\u00e3o eficazes para melhorar a reten\u00e7\u00e3o de informa\u00e7\u00f5es. Essas t\u00e9cnicas s\u00e3o ensinadas detalhadamente no curso Mem\u00f3ria Blindada.<\/p>\n\n\n\n<h2 class=\"wp-block-heading\">Curso Mem\u00f3ria Blindada<\/h2>\n\n\n\n<p>Desenvolvi o <a href=\"https:\/\/memoriablindada.com.br\/?utm_source=Blog&amp;utm_medium=pv-cmb&amp;utm_campaign=CMB&amp;utm_content=como-manter-a-memoria-ativa-apos-os-40\" target=\"_blank\" rel=\"noreferrer noopener\">curso Mem\u00f3ria Blindada<\/a> com o objetivo de proporcionar uma transforma\u00e7\u00e3o real na capacidade de memoriza\u00e7\u00e3o das pessoas. Em apenas tr\u00eas semanas, voc\u00ea aprender\u00e1 t\u00e9cnicas pr\u00e1ticas para:<\/p>\n\n\n\n<ul class=\"wp-block-list\">\n<li>Reduzir esquecimentos.<\/li>\n\n\n\n<li>Aumentar a concentra\u00e7\u00e3o.<\/li>\n\n\n\n<li>Melhorar o desempenho em atividades que exigem mem\u00f3ria.<\/li>\n<\/ul>\n\n\n\n<p>O<a href=\"https:\/\/memoriablindada.com.br\/?utm_source=Blog&amp;utm_medium=pv-cmb&amp;utm_campaign=CMB&amp;utm_content=como-manter-a-memoria-ativa-apos-os-40\" target=\"_blank\" rel=\"noreferrer noopener\"> curso \u00e9 baseado em pesquisas cient\u00edficas e em minha experi\u00eancia<\/a> de mais de 20 anos como especialista em memoriza\u00e7\u00e3o. Para mais informa\u00e7\u00f5es, acesse o site oficial.<\/p>\n\n\n\n<figure class=\"wp-block-image size-large\"><a href=\"https:\/\/memoriablindada.com.br\/?utm_source=Blog&amp;utm_medium=pv-cmb&amp;utm_campaign=CMB&amp;utm_content=como-manter-a-memoria-ativa-apos-os-40\" target=\"_blank\" rel=\" noreferrer noopener\"><img fetchpriority=\"high\" decoding=\"async\" width=\"1024\" height=\"120\" src=\"https:\/\/renatoalves.com.br\/blog\/wp-content\/uploads\/2014\/09\/MEMORIA-BLINDADA-BANNER-BLOG-RENATO-ALVES-1024x120.png\" alt=\"banner mem\u00f3ria blindada\" class=\"wp-image-10107\" srcset=\"https:\/\/renatoalves.com.br\/blog\/wp-content\/uploads\/2014\/09\/MEMORIA-BLINDADA-BANNER-BLOG-RENATO-ALVES-1024x120.png 1024w, https:\/\/renatoalves.com.br\/blog\/wp-content\/uploads\/2014\/09\/MEMORIA-BLINDADA-BANNER-BLOG-RENATO-ALVES-300x35.png 300w, https:\/\/renatoalves.com.br\/blog\/wp-content\/uploads\/2014\/09\/MEMORIA-BLINDADA-BANNER-BLOG-RENATO-ALVES-768x90.png 768w, https:\/\/renatoalves.com.br\/blog\/wp-content\/uploads\/2014\/09\/MEMORIA-BLINDADA-BANNER-BLOG-RENATO-ALVES-1536x181.png 1536w, https:\/\/renatoalves.com.br\/blog\/wp-content\/uploads\/2014\/09\/MEMORIA-BLINDADA-BANNER-BLOG-RENATO-ALVES.png 1700w\" sizes=\"(max-width: 1024px) 100vw, 1024px\" \/><\/a><\/figure>\n\n\n\n<h2 class=\"wp-block-heading\">Perguntas Frequentes (FAQ)<\/h2>\n\n\n\n<p><strong>\u00c9 poss\u00edvel melhorar a mem\u00f3ria ap\u00f3s os 40 anos?<\/strong><br>Sim. O c\u00e9rebro possui plasticidade e pode formar novas conex\u00f5es neurais em qualquer idade, especialmente quando estimulado adequadamente.<\/p>\n\n\n\n<p><strong>Quais s\u00e3o os sinais de que minha mem\u00f3ria precisa de aten\u00e7\u00e3o?<\/strong><br>Esquecimentos frequentes, dificuldade em lembrar nomes ou compromissos e sensa\u00e7\u00e3o constante de distra\u00e7\u00e3o s\u00e3o indicativos que sua mem\u00f3ria pode se beneficiar de treinamento.<\/p>\n\n\n\n<p><strong>O curso Mem\u00f3ria Blindada \u00e9 adequado para qualquer idade?<\/strong><br>Sim. O curso \u00e9 projetado para adultos de todas as idades que desejam melhorar sua capacidade de memoriza\u00e7\u00e3o e concentra\u00e7\u00e3o.<\/p>\n\n\n\n<p><strong>Preciso de conhecimento pr\u00e9vio para fazer o curso?<\/strong><br>N\u00e3o. O curso \u00e9 estruturado de forma acess\u00edvel, com orienta\u00e7\u00f5es passo a passo, adequado tanto para iniciantes quanto para aqueles que j\u00e1 possuem alguma familiaridade com t\u00e9cnicas de memoriza\u00e7\u00e3o.<\/p>\n\n\n\n<p>Manter a mem\u00f3ria ativa ap\u00f3s os 40 anos \u00e9 n\u00e3o apenas poss\u00edvel, mas essencial para uma vida plena e produtiva. Com dedica\u00e7\u00e3o e as estrat\u00e9gias certas, voc\u00ea pode fortalecer sua mente e desfrutar de todos os benef\u00edcios que uma mem\u00f3ria afiada proporciona.<\/p>\n\n\n\n<p><\/p>\n","protected":false},"excerpt":{"rendered":"<p>Eu sou professor, empres\u00e1rio, escritor com sete livros publicados, palestrante com atua\u00e7\u00e3o em todos os estados brasileiros, consultor de empresas, estudante, marido e pai. Assim como outros profissionais, todos os dias eu tenho milh\u00f5es de coisas para fazer, de deveres a cumprir e decis\u00f5es importantes para tomar. Apesar disso, tenho orgulho de dizer que eu n\u00e3o me esque\u00e7o de nada. Ali\u00e1s, em terra de esquecidos eu me considero um privilegiado, porque num mundo de muita informa\u00e7\u00e3o e pouco tempo, n\u00e3o esquecer nada \u00e9 uma habilidade not\u00e1vel&#8230;<\/p>\n","protected":false},"author":24,"featured_media":914,"comment_status":"open","ping_status":"open","sticky":false,"template":"","format":"standard","meta":{"footnotes":""},"categories":[262,264],"tags":[41,56,62,44,45,46,43,29,25,24,42,74,21,47,55],"class_list":["post-999","post","type-post","status-publish","format-standard","has-post-thumbnail","hentry","category-estudo-e-desenvolvimento","category-saude-e-qualidade-de-vida","tag-alzheimer","tag-branco-na-memoria","tag-campeonato-mundial-de-memoria-rio","tag-concentracao","tag-curso-de-memorizacao","tag-curso-de-memorizacao-online","tag-foco","tag-memoria","tag-memoria-comeca-a-falhar","tag-memoria-envelhece","tag-memorizacao","tag-metodo-renato-alves","tag-neutralizar-a-ansiedade","tag-remedio-para-memoria","tag-renato-alves"],"_links":{"self":[{"href":"https:\/\/renatoalves.com.br\/blog\/wp-json\/wp\/v2\/posts\/999","targetHints":{"allow":["GET"]}}],"collection":[{"href":"https:\/\/renatoalves.com.br\/blog\/wp-json\/wp\/v2\/posts"}],"about":[{"href":"https:\/\/renatoalves.com.br\/blog\/wp-json\/wp\/v2\/types\/post"}],"author":[{"embeddable":true,"href":"https:\/\/renatoalves.com.br\/blog\/wp-json\/wp\/v2\/users\/24"}],"replies":[{"embeddable":true,"href":"https:\/\/renatoalves.com.br\/blog\/wp-json\/wp\/v2\/comments?post=999"}],"version-history":[{"count":5,"href":"https:\/\/renatoalves.com.br\/blog\/wp-json\/wp\/v2\/posts\/999\/revisions"}],"predecessor-version":[{"id":10172,"href":"https:\/\/renatoalves.com.br\/blog\/wp-json\/wp\/v2\/posts\/999\/revisions\/10172"}],"wp:featuredmedia":[{"embeddable":true,"href":"https:\/\/renatoalves.com.br\/blog\/wp-json\/wp\/v2\/media\/914"}],"wp:attachment":[{"href":"https:\/\/renatoalves.com.br\/blog\/wp-json\/wp\/v2\/media?parent=999"}],"wp:term":[{"taxonomy":"category","embeddable":true,"href":"https:\/\/renatoalves.com.br\/blog\/wp-json\/wp\/v2\/categories?post=999"},{"taxonomy":"post_tag","embeddable":true,"href":"https:\/\/renatoalves.com.br\/blog\/wp-json\/wp\/v2\/tags?post=999"}],"curies":[{"name":"wp","href":"https:\/\/api.w.org\/{rel}","templated":true}]}}