{"id":289,"count":1,"description":"","link":"https:\/\/renatoalves.com.br\/blog\/tag\/transtorno-do-deficit-de-atencao-com-hiperatividade\/","name":"Transtorno do d\u00e9ficit de aten\u00e7\u00e3o com hiperatividade","slug":"transtorno-do-deficit-de-atencao-com-hiperatividade","taxonomy":"post_tag","meta":[],"_links":{"self":[{"href":"https:\/\/renatoalves.com.br\/blog\/wp-json\/wp\/v2\/tags\/289","targetHints":{"allow":["GET"]}}],"collection":[{"href":"https:\/\/renatoalves.com.br\/blog\/wp-json\/wp\/v2\/tags"}],"about":[{"href":"https:\/\/renatoalves.com.br\/blog\/wp-json\/wp\/v2\/taxonomies\/post_tag"}],"wp:post_type":[{"href":"https:\/\/renatoalves.com.br\/blog\/wp-json\/wp\/v2\/posts?tags=289"}],"curies":[{"name":"wp","href":"https:\/\/api.w.org\/{rel}","templated":true}]}}